{"id":955,"date":"2025-12-11T14:47:10","date_gmt":"2025-12-11T14:47:10","guid":{"rendered":"https:\/\/www.materialstests.com\/?p=955"},"modified":"2025-12-11T14:47:11","modified_gmt":"2025-12-11T14:47:11","slug":"how-a-texture-analyzer-enhances-cosmetic-product-quality","status":"publish","type":"post","link":"https:\/\/www.materialstests.com\/hu\/news\/how-a-texture-analyzer-enhances-cosmetic-product-quality.html","title":{"rendered":"Hogyan jav\u00edtja a text\u00faraelemz\u0151 a kozmetikai term\u00e9kek min\u0151s\u00e9g\u00e9t?"},"content":{"rendered":"<h3 class=\"wp-block-heading\"><strong>Bevezet\u00e9s<\/strong><\/h3>\n\n\n\n<p>A versenyk\u00e9pes kozmetikai \u00e9s test\u00e1pol\u00e1si iparban a term\u00e9kmin\u0151s\u00e9g \u00e9s a k\u00f6vetkezetess\u00e9g biztos\u00edt\u00e1sa alapvet\u0151 fontoss\u00e1g\u00fa. A fogyaszt\u00f3k megb\u00edzhat\u00f3, hat\u00e9kony \u00e9s eszt\u00e9tikus term\u00e9keket v\u00e1rnak el. A&nbsp;<strong>Text\u00fara elemz\u0151<\/strong>&nbsp;d\u00f6nt\u0151 szerepet j\u00e1tszik a&nbsp;<strong>kozmetikai term\u00e9kek text\u00faraelemz\u00e9se<\/strong>, seg\u00edtve a m\u00e1rk\u00e1kat a k\u00e9sz\u00edtm\u00e9nyek, a csomagol\u00e1s \u00e9s a teljes\u00edtm\u00e9nyre vonatkoz\u00f3 \u00e1ll\u00edt\u00e1sok magas sz\u00ednvonal\u00e1nak fenntart\u00e1s\u00e1ban.<\/p>\n\n\n\n<hr class=\"wp-block-separator has-alpha-channel-opacity\" \/>\n\n\n\n<h3 class=\"wp-block-heading\"><strong>A text\u00faraelemz\u00e9s szerepe a kozmetikai term\u00e9kfejleszt\u00e9sben<\/strong><\/h3>\n\n\n\n<p>Egy kozmetikai term\u00e9k text\u00far\u00e1ja jelent\u0151sen befoly\u00e1solja annak haszn\u00e1lhat\u00f3s\u00e1g\u00e1t \u00e9s a v\u00e1s\u00e1rl\u00f3i meg\u00edt\u00e9l\u00e9st. Az arckr\u00e9m simas\u00e1g\u00e1t\u00f3l a r\u00fazs szil\u00e1rds\u00e1g\u00e1ig, e tulajdons\u00e1gok sz\u00e1mszer\u0171s\u00edt\u00e9se biztos\u00edtja a term\u00e9k megb\u00edzhat\u00f3s\u00e1g\u00e1t.<\/p>\n\n\n\n<p>A&nbsp;<strong>Text\u00fara elemz\u0151<\/strong>&nbsp;\u00fagy tervezt\u00e9k, hogy t\u00f6bb param\u00e9tert \u00e9rt\u00e9keljen, t\u00f6bbek k\u00f6z\u00f6tt:<\/p>\n\n\n\n<ul class=\"wp-block-list\">\n<li><strong>Kem\u00e9nys\u00e9g \u00e9s szil\u00e1rds\u00e1g<\/strong>\u00a0- A r\u00fazsok, ajakbalzsamok \u00e9s kr\u00e9mek szil\u00e1rds\u00e1g\u00e1nak \u00e9rt\u00e9kel\u00e9se.<\/li>\n\n\n\n<li><strong>Terjeszthet\u0151s\u00e9g \u00e9s ragadhat\u00f3s\u00e1g<\/strong>\u00a0- A term\u00e9kek b\u0151rre val\u00f3 felvitel\u00e9nek m\u00e9r\u00e9se.<\/li>\n\n\n\n<li><strong>Haj simas\u00e1ga \u00e9s rugalmass\u00e1ga<\/strong>\u00a0- Haj\u00e1pol\u00e1si kezel\u00e9sek tesztel\u00e9se a teljes\u00edtm\u00e9ny valid\u00e1l\u00e1sa c\u00e9lj\u00e1b\u00f3l.<\/li>\n\n\n\n<li><strong>T\u00f6m\u00f6r\u00edt\u00e9si szil\u00e1rds\u00e1g<\/strong>\u00a0- A pr\u00e9selt p\u00faderek \u00e9s szemh\u00e9jfest\u00e9kek megfelel\u0151 \u00f6sszet\u00e9tel\u00e9nek biztos\u00edt\u00e1sa.<\/li>\n<\/ul>\n\n\n\n<hr class=\"wp-block-separator has-alpha-channel-opacity\" \/>\n\n\n\n<h3 class=\"wp-block-heading\"><strong>K\u00f6vetel\u00e9sek \u00e9rv\u00e9nyes\u00edt\u00e9s: Fogyaszt\u00f3i bizalom ki\u00e9p\u00edt\u00e9se<\/strong><\/h3>\n\n\n\n<p>A kozmetikai m\u00e1rk\u00e1knak a fogyaszt\u00f3k bizalm\u00e1nak \u00e9s a hat\u00f3s\u00e1gi j\u00f3v\u00e1hagy\u00e1snak elnyer\u00e9s\u00e9hez meg kell t\u00e1masztaniuk a term\u00e9kkel kapcsolatos \u00e1ll\u00edt\u00e1sokat. A&nbsp;<strong>Text\u00fara elemz\u0151<\/strong>&nbsp;sz\u00e1mszer\u0171s\u00edthet\u0151 adatokkal t\u00e1masztja al\u00e1 az olyan \u00e1ll\u00edt\u00e1sokat, mint p\u00e9ld\u00e1ul:<\/p>\n\n\n\n<ul class=\"wp-block-list\">\n<li><strong>\u201cHosszantart\u00f3 r\u00fazs\u201d<\/strong>\u00a0- Az elken\u0151d\u00e9ssel \u00e9s az \u00e1tvitellel szembeni ellen\u00e1ll\u00e1s m\u00e9r\u00e9se.<\/li>\n\n\n\n<li><strong>\u201cFeszes\u00edt\u0151 b\u0151r\u00e1pol\u00f3 kezel\u00e9s\u201d<\/strong>\u00a0- A rugalmass\u00e1g \u00e9s a struktur\u00e1lis v\u00e1ltoz\u00e1sok vizsg\u00e1lata az id\u0151 m\u00fal\u00e1s\u00e1val.<\/li>\n\n\n\n<li><strong>\u201cFrizz-control hajsz\u00e9rum\u201d<\/strong>\u00a0- A haj rugalmass\u00e1g\u00e1nak \u00e9s simas\u00e1g\u00e1nak \u00e9rt\u00e9kel\u00e9se.<\/li>\n<\/ul>\n\n\n\n<p>Objekt\u00edv adatok felhaszn\u00e1l\u00e1sa a&nbsp;<strong>\u00e1ll\u00edt\u00e1sok \u00e9rv\u00e9nyes\u00edt\u00e9se<\/strong>&nbsp;biztos\u00edtja az ipar\u00e1gi el\u0151\u00edr\u00e1soknak val\u00f3 megfelel\u00e9st, \u00e9s n\u00f6veli a hiteless\u00e9get a marketingkamp\u00e1nyokban.<\/p>\n\n\n\n<hr class=\"wp-block-separator has-alpha-channel-opacity\" \/>\n\n\n\n<h3 class=\"wp-block-heading\"><strong>A csomagol\u00e1s hat\u00e9konys\u00e1g\u00e1nak biztos\u00edt\u00e1sa<\/strong><\/h3>\n\n\n\n<p>A k\u00e9sz\u00edtm\u00e9nyen t\u00fal a csomagol\u00e1s is fontos szerepet j\u00e1tszik a felhaszn\u00e1l\u00f3i \u00e9lm\u00e9ny \u00e9s a term\u00e9k integrit\u00e1sa szempontj\u00e1b\u00f3l. A&nbsp;<strong>Text\u00fara elemz\u0151<\/strong>&nbsp;seg\u00edt a m\u00e1rk\u00e1knak \u00e9rt\u00e9kelni&nbsp;<strong>a csomagol\u00e1s hat\u00e9konys\u00e1ga<\/strong>, t\u00f6bbek k\u00f6z\u00f6tt:<\/p>\n\n\n\n<ul class=\"wp-block-list\">\n<li><strong>Fed\u00e9l nyit\u00e1si er\u0151<\/strong>\u00a0- Az \u00fcvegek \u00e9s ed\u00e9nyek kinyit\u00e1s\u00e1hoz sz\u00fcks\u00e9ges er\u0151fesz\u00edt\u00e9s m\u00e9r\u00e9se.<\/li>\n\n\n\n<li><strong>Szivatty\u00fa \u00e9s permetez\u0151er\u0151<\/strong>\u00a0- A foly\u00e9kony kozmetikumok k\u00f6nny\u0171 haszn\u00e1lat\u00e1nak biztos\u00edt\u00e1sa.<\/li>\n\n\n\n<li><strong>Cs\u0151 extrud\u00e1l\u00e1si er\u0151<\/strong>\u00a0- Annak tesztel\u00e9se, hogy a kr\u00e9mek \u00e9s g\u00e9lek mennyire k\u00f6nnyen adagolhat\u00f3k.<\/li>\n<\/ul>\n\n\n\n<p>A csomagol\u00e1s tervez\u00e9s\u00e9nek tudom\u00e1nyos adatokkal t\u00f6rt\u00e9n\u0151 optimaliz\u00e1l\u00e1s\u00e1val a m\u00e1rk\u00e1k jav\u00edthatj\u00e1k a k\u00e9nyelmet, a funkcionalit\u00e1st \u00e9s a v\u00e1s\u00e1rl\u00f3i el\u00e9gedetts\u00e9get.<\/p>\n\n\n\n<hr class=\"wp-block-separator has-alpha-channel-opacity\" \/>\n\n\n\n<h3 class=\"wp-block-heading\"><strong>K\u00f6vetkeztet\u00e9s<\/strong><\/h3>\n\n\n\n<p>A kiv\u00e1l\u00f3s\u00e1gra t\u00f6rekv\u0151 kozmetikai m\u00e1rk\u00e1k sz\u00e1m\u00e1ra a&nbsp;<strong>Text\u00fara elemz\u0151<\/strong>&nbsp;alapvet\u0151 eszk\u00f6z a&nbsp;<strong>kozmetikai term\u00e9kek text\u00faraelemz\u00e9se<\/strong>,&nbsp;<strong>\u00e1ll\u00edt\u00e1sok \u00e9rv\u00e9nyes\u00edt\u00e9se<\/strong>, \u00e9s&nbsp;<strong>a csomagol\u00e1s hat\u00e9konys\u00e1ga<\/strong>. E technol\u00f3gia kihaszn\u00e1l\u00e1s\u00e1val a gy\u00e1rt\u00f3k fenntarthatj\u00e1k a k\u00f6vetkezetess\u00e9get, al\u00e1t\u00e1maszthatj\u00e1k az \u00e1ll\u00edt\u00e1sokat, \u00e9s jav\u00edthatj\u00e1k az \u00e1ltal\u00e1nos fogyaszt\u00f3i \u00e9lm\u00e9nyt.<\/p>\n\n\n\n<h3 class=\"wp-block-heading\"><strong>GYIK<\/strong><\/h3>\n\n\n\n<ol class=\"wp-block-list\">\n<li><strong>Mire haszn\u00e1lj\u00e1k a text\u00faraelemz\u0151t a kozmetikai iparban?<\/strong><br>A\u00a0<strong>Text\u00fara elemz\u0151<\/strong>\u00a0a kozmetikai term\u00e9kek fizikai tulajdons\u00e1gait, p\u00e9ld\u00e1ul kem\u00e9nys\u00e9g\u00e9t, kenhet\u0151s\u00e9g\u00e9t \u00e9s simas\u00e1g\u00e1t m\u00e9ri.<\/li>\n\n\n\n<li><strong>Hogyan seg\u00edt a text\u00faraelemz\u00e9s az \u00e1ll\u00edt\u00e1sok \u00e9rv\u00e9nyes\u00edt\u00e9s\u00e9ben?<\/strong><br>Objekt\u00edv adatokkal t\u00e1masztja al\u00e1 a term\u00e9k teljes\u00edtm\u00e9ny\u00e9re vonatkoz\u00f3 \u00e1ll\u00edt\u00e1sokat, p\u00e9ld\u00e1ul a hosszan tart\u00f3 hat\u00e1st vagy a feszes\u00edt\u0151 tulajdons\u00e1gokat.<\/li>\n\n\n\n<li><strong>A text\u00faraelemz\u0151 k\u00e9sz\u00fcl\u00e9k tesztelheti a kozmetikai csomagol\u00e1sok tart\u00f3ss\u00e1g\u00e1t?<\/strong><br>Igen, a felhaszn\u00e1l\u00f3bar\u00e1t csomagol\u00e1s biztos\u00edt\u00e1sa \u00e9rdek\u00e9ben olyan param\u00e9tereket m\u00e9r, mint a fed\u00e9l nyit\u00e1si er\u0151, a szivatty\u00fa m\u0171k\u00f6dtet\u00e9si ereje \u00e9s az extrud\u00e1l\u00e1si er\u0151.<\/li>\n\n\n\n<li><strong>Milyen t\u00edpus\u00fa kozmetikai term\u00e9kekn\u00e9l hasznos a text\u00faraelemz\u00e9s?<\/strong><br>A r\u00fazsok, kr\u00e9mek, p\u00faderek, dezodorok, haj\u00e1pol\u00e1si term\u00e9kek \u00e9s b\u0151r\u00e1pol\u00e1si kezel\u00e9sek mind r\u00e9szes\u00fclnek a text\u00faraelemz\u00e9s el\u0151nyeib\u0151l.<\/li>\n\n\n\n<li><strong>Mi\u00e9rt fontos a text\u00faraelemz\u00e9s a term\u00e9k konzisztenci\u00e1ja szempontj\u00e1b\u00f3l?<\/strong><br>Ez biztos\u00edtja a k\u00fcl\u00f6nb\u00f6z\u0151 gy\u00e1rt\u00e1si t\u00e9telek egys\u00e9ges \u00f6sszet\u00e9tel\u00e9t, fenntartva a term\u00e9k min\u0151s\u00e9g\u00e9t \u00e9s a fogyaszt\u00f3k bizalm\u00e1t.<\/li>\n<\/ol>","protected":false},"excerpt":{"rendered":"<p>Introduction In the competitive cosmetics and personal care industry, ensuring product quality and consistency is essential. Consumers expect reliable, effective, and aesthetically pleasing products. A&nbsp;Texture Analyzer&nbsp;plays a crucial role in&nbsp;cosmetic product texture analysis, helping brands maintain high standards for formulations, packaging, and performance claims. The Role of Texture Analysis in Cosmetic Product Development The texture [&hellip;]<\/p>","protected":false},"author":2,"featured_media":0,"comment_status":"open","ping_status":"open","sticky":false,"template":"","format":"standard","meta":{"_acf_changed":false,"footnotes":""},"categories":[1],"tags":[],"class_list":["post-955","post","type-post","status-publish","format-standard","hentry","category-uncategorized"],"acf":[],"_links":{"self":[{"href":"https:\/\/www.materialstests.com\/hu\/wp-json\/wp\/v2\/posts\/955","targetHints":{"allow":["GET"]}}],"collection":[{"href":"https:\/\/www.materialstests.com\/hu\/wp-json\/wp\/v2\/posts"}],"about":[{"href":"https:\/\/www.materialstests.com\/hu\/wp-json\/wp\/v2\/types\/post"}],"author":[{"embeddable":true,"href":"https:\/\/www.materialstests.com\/hu\/wp-json\/wp\/v2\/users\/2"}],"replies":[{"embeddable":true,"href":"https:\/\/www.materialstests.com\/hu\/wp-json\/wp\/v2\/comments?post=955"}],"version-history":[{"count":0,"href":"https:\/\/www.materialstests.com\/hu\/wp-json\/wp\/v2\/posts\/955\/revisions"}],"wp:attachment":[{"href":"https:\/\/www.materialstests.com\/hu\/wp-json\/wp\/v2\/media?parent=955"}],"wp:term":[{"taxonomy":"category","embeddable":true,"href":"https:\/\/www.materialstests.com\/hu\/wp-json\/wp\/v2\/categories?post=955"},{"taxonomy":"post_tag","embeddable":true,"href":"https:\/\/www.materialstests.com\/hu\/wp-json\/wp\/v2\/tags?post=955"}],"curies":[{"name":"wp","href":"https:\/\/api.w.org\/{rel}","templated":true}]}}