{"id":900,"date":"2025-12-11T13:27:32","date_gmt":"2025-12-11T13:27:32","guid":{"rendered":"https:\/\/www.materialstests.com\/?p=900"},"modified":"2025-12-11T13:27:34","modified_gmt":"2025-12-11T13:27:34","slug":"the-importance-of-bread-shelf-life-testing-for-freshness-and-quality-control","status":"publish","type":"post","link":"https:\/\/www.materialstests.com\/hu\/news\/how-to-measure-bread-shelf-life-accurate-testing-for-freshness-and-firmness.html","title":{"rendered":"A keny\u00e9r eltarthat\u00f3s\u00e1gi idej\u00e9nek vizsg\u00e1lata a frissess\u00e9g \u00e9s a min\u0151s\u00e9gellen\u0151rz\u00e9s \u00e9rdek\u00e9ben"},"content":{"rendered":"<h4 class=\"wp-block-heading\">Bevezet\u00e9s: A keny\u00e9r eltarthat\u00f3s\u00e1gi idej\u00e9nek meg\u00e9rt\u00e9se<\/h4>\n\n\n\n<p>A keny\u00e9r eltarthat\u00f3s\u00e1ga kritikus t\u00e9nyez\u0151 mind a fogyaszt\u00f3k, mind az \u00e9lelmiszergy\u00e1rt\u00f3k sz\u00e1m\u00e1ra. A friss keny\u00e9r puha, illatos \u00e9s k\u00f6nnyen szeletelhet\u0151, de id\u0151vel elvesz\u00edti ezeket a k\u00edv\u00e1natos tulajdons\u00e1gait \u00e9s megromlik. A min\u0151s\u00e9g biztos\u00edt\u00e1sa \u00e9s a keny\u00e9r eltarthat\u00f3s\u00e1gi idej\u00e9nek meghosszabb\u00edt\u00e1sa \u00e9rdek\u00e9ben elengedhetetlen a keny\u00e9r frissess\u00e9g\u00e9nek pontos m\u00e9r\u00e9se. Ez a cikk azt vizsg\u00e1lja, hogyan&nbsp;<strong>a keny\u00e9r frissess\u00e9g\u00e9nek vizsg\u00e1lata<\/strong>&nbsp;elv\u00e9gezhet\u0151 egy fejlett&nbsp;<strong>text\u00faraelemz\u0151 keny\u00e9rhez<\/strong>, lehet\u0151v\u00e9 t\u00e9ve a gy\u00e1rt\u00f3k sz\u00e1m\u00e1ra, hogy m\u00e9rj\u00e9k \u00e9s ellen\u0151rizz\u00e9k a keny\u00e9r szil\u00e1rds\u00e1g\u00e1t, \u00edgy biztos\u00edtva az egyenletes min\u0151s\u00e9get minden egyes t\u00e9telben.<\/p>\n\n\n\n<h4 class=\"wp-block-heading\">A text\u00faraelemz\u00e9s szerepe a keny\u00e9r eltarthat\u00f3s\u00e1g\u00e1ban<\/h4>\n\n\n\n<p>B\u00e1r a szubjekt\u00edv \u00e9rz\u00e9kszervi \u00e9rt\u00e9kel\u00e9s (pl. \u201cJ\u00f3 \u00e9rz\u00e9s-e a k\u00e9zben vagy a sz\u00e1jban?\u201d) a keny\u00e9r frissess\u00e9g\u00e9nek meghat\u00e1roz\u00e1s\u00e1ra szolg\u00e1l\u00f3 \u00e1ltal\u00e1nos m\u00f3dszer, nem mindig megb\u00edzhat\u00f3 vagy megism\u00e9telhet\u0151. Az objekt\u00edv vizsg\u00e1lat egy&nbsp;<strong>text\u00faraelemz\u0151 keny\u00e9rhez<\/strong>&nbsp;k\u00f6vetkezetesebb \u00e9s pontosabb \u00e9rt\u00e9kel\u00e9st biztos\u00edt. Ez a technol\u00f3gia sz\u00e1mszer\u0171s\u00edti a keny\u00e9r kem\u00e9nys\u00e9g\u00e9t \u00e9s szil\u00e1rds\u00e1g\u00e1t, amelyek k\u00f6zvetlen\u00fcl \u00f6sszef\u00fcggnek a keny\u00e9r \u00e9rz\u00e9kelt frissess\u00e9g\u00e9vel \u00e9s fogyaszt\u00f3i elfogadhat\u00f3s\u00e1g\u00e1val.<\/p>\n\n\n\n<p>A&nbsp;<strong>Mecmesin text\u00fara analiz\u00e1tor<\/strong>, p\u00e9ld\u00e1ul k\u00e9pes m\u00e9rni a keny\u00e9rminta \u00f6sszenyom\u00e1s\u00e1hoz sz\u00fcks\u00e9ges er\u0151t, \u00e9rt\u00e9kes adatokat szolg\u00e1ltatva, amelyek felhaszn\u00e1lhat\u00f3k a friss \u00e9s a szikkadt keny\u00e9r \u00f6sszehasonl\u00edt\u00e1s\u00e1ra. Ez a m\u00f3dszer megism\u00e9telhet\u0151 \u00e9s programozhat\u00f3 a keny\u00e9r k\u00f6vetkezetes vizsg\u00e1lat\u00e1ra, ami egy\u00e9rtelm\u0171 jelz\u00e9st ad az avasod\u00e1sr\u00f3l \u00e9s a keny\u00e9r \u00e1ltal\u00e1nos min\u0151s\u00e9g\u00e9r\u0151l.<\/p>\n\n\n\n<h4 class=\"wp-block-heading\">Hogyan m\u00e9rj\u00fck a keny\u00e9r frissess\u00e9g\u00e9t egy text\u00faraelemz\u0151 seg\u00edts\u00e9g\u00e9vel?<\/h4>\n\n\n\n<p><strong>A m\u00f3dszer \u00e1ttekint\u00e9se<\/strong><\/p>\n\n\n\n<p>A pontos keny\u00e9r eltarthat\u00f3s\u00e1gi vizsg\u00e1lat elv\u00e9gz\u00e9s\u00e9hez egy&nbsp;<strong>Mecmesin TMS-Pro text\u00fara analiz\u00e1tor<\/strong>&nbsp;gyakran haszn\u00e1lj\u00e1k. Ez a 25 N-os intelligens terhel\u00e9sm\u00e9r\u0151vel \u00e9s AACC hengeres szond\u00e1val felszerelt k\u00e9sz\u00fcl\u00e9k a keny\u00e9rmint\u00e1kat \u00f6sszenyomja, hogy sz\u00e1mszer\u0171s\u00edtse azok szil\u00e1rds\u00e1g\u00e1t. Egy tipikus vizsg\u00e1lat sor\u00e1n a mint\u00e1kat ugyanabb\u00f3l a keny\u00e9rb\u0151l veszik. A mint\u00e1k fel\u00e9t egy \u00e9jszak\u00e1n \u00e1t kint hagyj\u00e1k sz\u00e1radni \u00e9s szikkadni, \u00edgy egy\u00e9rtelm\u0171 k\u00fcl\u00f6nbs\u00e9get lehet tenni a friss \u00e9s a szikkadt keny\u00e9r text\u00far\u00e1ja k\u00f6z\u00f6tt.<\/p>\n\n\n\n<p>A vizsg\u00e1lat sor\u00e1n a text\u00faraelemz\u0151 k\u00e9sz\u00fcl\u00e9k a szond\u00e1t 5 mm-re mozgatja a keny\u00e9rbe 100 mm\/perc sebess\u00e9ggel. A&nbsp;<strong>TL-Pro szoftver<\/strong>&nbsp;ezut\u00e1n automatikusan kisz\u00e1m\u00edtja a term\u00e9k szil\u00e1rds\u00e1g\u00e1t \u00e9s a t\u00f6m\u00f6r\u00edt\u00e9shez sz\u00fcks\u00e9ges energi\u00e1t, \u00e9s grafikusan \u00e1br\u00e1zolja az eredm\u00e9nyeket. Ezek az adatok felhaszn\u00e1lhat\u00f3k a friss keny\u00e9r szil\u00e1rds\u00e1g\u00e1nak \u00f6sszehasonl\u00edt\u00e1s\u00e1ra a szikkadt keny\u00e9rrel, \u00edgy betekint\u00e9st nyerhet\u00fcnk a keny\u00e9r eltarthat\u00f3s\u00e1g\u00e1ba.<\/p>\n\n\n\n<p><strong>Grafikus eredm\u00e9nyek: A keny\u00e9rszil\u00e1rds\u00e1gi adatok \u00e9rtelmez\u00e9se<\/strong><\/p>\n\n\n\n<p>A vizsg\u00e1lati eredm\u00e9nyek grafikus \u00e1br\u00e1zol\u00e1sa vil\u00e1gosan mutatja a friss \u00e9s a szikkadt keny\u00e9rmint\u00e1k szil\u00e1rds\u00e1ga k\u00f6z\u00f6tti k\u00fcl\u00f6nbs\u00e9get. A friss keny\u00e9r \u00e1ltal\u00e1ban puh\u00e1bb text\u00far\u00e1j\u00fa, \u00e9s kisebb er\u0151t ig\u00e9nyel a t\u00f6m\u00f6r\u00edt\u00e9shez, m\u00edg a szikkadt keny\u00e9r szil\u00e1rdabb, \u00e9s t\u00f6bb er\u0151t ig\u00e9nyel. Ezek az adatok felbecs\u00fclhetetlen \u00e9rt\u00e9k\u0171ek az \u00e9lelmiszer-gy\u00e1rt\u00f3k sz\u00e1m\u00e1ra, mivel sz\u00e1mszer\u0171s\u00edtik a frissess\u00e9g m\u00e9rt\u00e9k\u00e9t, \u00e9s lehet\u0151v\u00e9 teszik sz\u00e1mukra annak \u00e9rt\u00e9kel\u00e9s\u00e9t, hogy a k\u00fcl\u00f6nb\u00f6z\u0151 k\u00f6r\u00fclm\u00e9nyek hogyan befoly\u00e1solj\u00e1k a keny\u00e9r \u00e1llag\u00e1t.<\/p>\n\n\n\n<p>E vizsg\u00e1latok eredm\u00e9nyei statisztikai betekint\u00e9st is ny\u00fajtanak, bele\u00e9rtve az \u00e1tlagos kem\u00e9nys\u00e9get, a sz\u00f3r\u00e1st \u00e9s a vari\u00e1ci\u00f3s egy\u00fctthat\u00f3t (CV), ami seg\u00edt meghat\u00e1rozni a text\u00fara konzisztenci\u00e1j\u00e1t t\u00f6bb mint\u00e1n kereszt\u00fcl. A CV-\u00e9rt\u00e9k p\u00e9ld\u00e1ul jellemz\u0151en 10% alatt van, ami megb\u00edzhat\u00f3 vizsg\u00e1lati m\u00f3dszert jelez a keny\u00e9r eltarthat\u00f3s\u00e1g\u00e1nak m\u00e9r\u00e9s\u00e9re.<\/p>\n\n\n\n<h4 class=\"wp-block-heading\">A keny\u00e9r eltarthat\u00f3s\u00e1gi idej\u00e9nek m\u00e9r\u00e9s\u00e9nek jelent\u0151s\u00e9ge<\/h4>\n\n\n\n<p>A&nbsp;<strong>text\u00faraelemz\u0151 keny\u00e9rhez<\/strong>, a gy\u00e1rt\u00f3k felm\u00e9rhetik a k\u00fcl\u00f6nb\u00f6z\u0151 t\u00e9nyez\u0151k, p\u00e9ld\u00e1ul a csomagol\u00e1s, a t\u00e1rol\u00e1si k\u00f6r\u00fclm\u00e9nyek \u00e9s a keny\u00e9r \u00f6sszet\u00e9tel\u00e9nek az eltarthat\u00f3s\u00e1gi id\u0151re gyakorolt hat\u00e1s\u00e1t. Ez a m\u00f3dszer objekt\u00edv m\u00e9r\u00e9st tesz lehet\u0151v\u00e9, ellent\u00e9tben a hagyom\u00e1nyos \u00e9rz\u00e9kszervi \u00e9rt\u00e9kel\u00e9sekkel, amelyek szubjekt\u00edvek \u00e9s gyakran ellentmond\u00e1sosak.<\/p>\n\n\n\n<p>P\u00e9ld\u00e1ul a friss \u00e9s a szikkadt keny\u00e9r k\u00f6z\u00f6tt jelent\u0151s k\u00fcl\u00f6nbs\u00e9g figyelhet\u0151 meg a text\u00faraelemz\u00e9ssel: a szikkadt term\u00e9k k\u00f6zel k\u00e9tszer olyan kem\u00e9ny lehet, mint a friss term\u00e9k. Alacsonyabb fok\u00fa szikkad\u00e1s eset\u00e9n a szil\u00e1rds\u00e1gbeli k\u00fcl\u00f6nbs\u00e9g kev\u00e9sb\u00e9 lesz kifejezett, de az elk\u00fcl\u00f6n\u00fcl\u00e9s tov\u00e1bbra is \u00e9szrevehet\u0151 marad.<\/p>\n\n\n\n<p>A keny\u00e9r \u00e1llag\u00e1nak ezen elt\u00e9r\u00e9seinek meg\u00e9rt\u00e9se seg\u00edt az \u00e9lelmiszer-feldolgoz\u00f3knak az \u00e1lland\u00f3s\u00e1ghoz hozz\u00e1j\u00e1rul\u00f3 t\u00e9nyez\u0151k ellen\u0151rz\u00e9s\u00e9ben, \u00e9s v\u00e9gs\u0151 soron a term\u00e9kek eltarthat\u00f3s\u00e1g\u00e1nak jav\u00edt\u00e1s\u00e1ban. Ezenk\u00edv\u00fcl a text\u00faraadatok grafikus \u00e1br\u00e1zol\u00e1sa egy\u00e9rtelm\u0171 vizu\u00e1lis \u00f6sszehasonl\u00edt\u00e1st biztos\u00edt a k\u00fcl\u00f6nb\u00f6z\u0151 recept\u00far\u00e1k k\u00f6z\u00f6tt, ami seg\u00edt a gy\u00e1rt\u00f3knak finomhangolni receptjeiket az egyenletes min\u0151s\u00e9g biztos\u00edt\u00e1sa \u00e9rdek\u00e9ben.<\/p>\n\n\n\n<h4 class=\"wp-block-heading\">K\u00f6vetkeztet\u00e9s: A keny\u00e9rmin\u0151s\u00e9g k\u00f6vetkezetess\u00e9g\u00e9nek biztos\u00edt\u00e1sa<\/h4>\n\n\n\n<p>A&nbsp;<strong>text\u00faraelemz\u0151 keny\u00e9rhez<\/strong>&nbsp;\u00e9rt\u00e9kes eszk\u00f6z a keny\u00e9r eltarthat\u00f3s\u00e1g\u00e1nak \u00e9s frissess\u00e9g\u00e9nek m\u00e9r\u00e9s\u00e9hez. Ennek az objekt\u00edv \u00e9s megism\u00e9telhet\u0151 vizsg\u00e1lati m\u00f3dszernek a be\u00e9p\u00edt\u00e9s\u00e9vel az \u00e9lelmiszergy\u00e1rt\u00f3k jobb csomagol\u00e1si, t\u00e1rol\u00e1si technik\u00e1kat \u00e9s recept\u00far\u00e1kat fejleszthetnek ki, amelyek meghosszabb\u00edtj\u00e1k a keny\u00e9r frissess\u00e9g\u00e9t. A keny\u00e9r szil\u00e1rds\u00e1g\u00e1nak pontos m\u00e9r\u00e9s\u00e9vel a gy\u00e1rt\u00f3k biztos\u00edthatj\u00e1k, hogy minden egyes keny\u00e9r megfelel a k\u00edv\u00e1nt text\u00faraszab\u00e1lyoknak, ez\u00e1ltal jav\u00edtva a fogyaszt\u00f3i \u00e9lm\u00e9nyt \u00e9s minimaliz\u00e1lva az \u00e1llott term\u00e9kekb\u0151l sz\u00e1rmaz\u00f3 hullad\u00e9kot.<\/p>\n\n\n\n<hr class=\"wp-block-separator has-alpha-channel-opacity\" \/>\n\n\n\n<h3 class=\"wp-block-heading\">GYIK szakasz<\/h3>\n\n\n\n<p><strong>1. Hogyan tudom m\u00e9rni a keny\u00e9r frissess\u00e9g\u00e9t?<\/strong><br>A keny\u00e9r frissess\u00e9g\u00e9nek m\u00e9r\u00e9s\u00e9hez haszn\u00e1lhat text\u00faraelemz\u0151t, amely sz\u00e1mszer\u0171s\u00edti a keny\u00e9r szil\u00e1rds\u00e1g\u00e1t \u00e9s a keny\u00e9r \u00f6sszenyom\u00e1s\u00e1hoz sz\u00fcks\u00e9ges energi\u00e1t. Ez a frissess\u00e9g \u00e9s az \u00e1lland\u00f3s\u00e1g objekt\u00edv m\u00e9r\u00e9s\u00e9t teszi lehet\u0151v\u00e9.<\/p>\n\n\n\n<p><strong>2. Mire haszn\u00e1lj\u00e1k a text\u00faraelemz\u0151t a keny\u00e9rvizsg\u00e1lat sor\u00e1n?<\/strong><br>A text\u00faraelemz\u0151t a keny\u00e9r szil\u00e1rds\u00e1g\u00e1nak m\u00e9r\u00e9s\u00e9re haszn\u00e1lj\u00e1k, a minta \u00f6sszenyom\u00e1s\u00e1hoz er\u0151t alkalmaznak, \u00e9s ezzel olyan adatokat szolg\u00e1ltatnak, amelyek seg\u00edtenek meghat\u00e1rozni a keny\u00e9r frissess\u00e9g\u00e9t \u00e9s eltarthat\u00f3s\u00e1g\u00e1t.<\/p>\n\n\n\n<p><strong>3. Hogyan jav\u00edtja a text\u00faraelemz\u00e9s a keny\u00e9r min\u0151s\u00e9gellen\u0151rz\u00e9s\u00e9t?<\/strong><br>A text\u00faraelemz\u00e9s biztos\u00edtja a keny\u00e9r szil\u00e1rds\u00e1g\u00e1nak megism\u00e9telhet\u0151 \u00e9s pontos m\u00e9r\u00e9s\u00e9t, ami seg\u00edt a gy\u00e1rt\u00f3knak olyan v\u00e1ltoz\u00f3k ellen\u0151rz\u00e9s\u00e9ben, mint a t\u00e1rol\u00e1si k\u00f6r\u00fclm\u00e9nyek \u00e9s a recept\u00fara, hogy meghosszabb\u00edts\u00e1k term\u00e9keik eltarthat\u00f3s\u00e1gi idej\u00e9t.<\/p>\n\n\n\n<p><strong>4. Mi a jelent\u0151s\u00e9ge a keny\u00e9r szil\u00e1rds\u00e1g\u00e1nak m\u00e9r\u00e9s\u00e9nek?<\/strong><br>A keny\u00e9r szil\u00e1rds\u00e1g\u00e1nak m\u00e9r\u00e9se seg\u00edt a frissess\u00e9g \u00e9s az avasod\u00e1s sz\u00e1mszer\u0171s\u00edt\u00e9s\u00e9ben, lehet\u0151v\u00e9 t\u00e9ve a gy\u00e1rt\u00f3k sz\u00e1m\u00e1ra, hogy hosszabb eltarthat\u00f3s\u00e1gi id\u0151vel \u00e9s egyenletes min\u0151s\u00e9ggel rendelkez\u0151 term\u00e9keket fejlesszenek ki.<\/p>\n\n\n\n<p><strong>5. A text\u00faraelemz\u00e9s k\u00e9pes-e felismerni a keny\u00e9r \u00e1llag\u00e1nak finom v\u00e1ltoz\u00e1sait?<\/strong><br>Igen, a text\u00faraelemz\u00e9s m\u00e9g a keny\u00e9r \u00e1llag\u00e1ban bek\u00f6vetkez\u0151 apr\u00f3 v\u00e1ltoz\u00e1sokat is k\u00e9pes kimutatni, \u00e9rt\u00e9kes adatokat szolg\u00e1ltatva a term\u00e9kmin\u0151s\u00e9g \u00e9s a t\u00e9telek k\u00f6z\u00f6tti konzisztencia jav\u00edt\u00e1s\u00e1hoz.<\/p>","protected":false},"excerpt":{"rendered":"<p>Introduction: Understanding Bread Shelf Life Bread shelf life is a critical factor for both consumers and food manufacturers. A fresh loaf of bread is soft, fragrant, and easy to slice, but over time, it loses these desirable qualities and becomes stale. To ensure quality and extend the shelf life of bread, it is essential to [&hellip;]<\/p>","protected":false},"author":2,"featured_media":0,"comment_status":"open","ping_status":"open","sticky":false,"template":"","format":"standard","meta":{"_acf_changed":false,"footnotes":""},"categories":[1],"tags":[],"class_list":["post-900","post","type-post","status-publish","format-standard","hentry","category-uncategorized"],"acf":[],"_links":{"self":[{"href":"https:\/\/www.materialstests.com\/hu\/wp-json\/wp\/v2\/posts\/900","targetHints":{"allow":["GET"]}}],"collection":[{"href":"https:\/\/www.materialstests.com\/hu\/wp-json\/wp\/v2\/posts"}],"about":[{"href":"https:\/\/www.materialstests.com\/hu\/wp-json\/wp\/v2\/types\/post"}],"author":[{"embeddable":true,"href":"https:\/\/www.materialstests.com\/hu\/wp-json\/wp\/v2\/users\/2"}],"replies":[{"embeddable":true,"href":"https:\/\/www.materialstests.com\/hu\/wp-json\/wp\/v2\/comments?post=900"}],"version-history":[{"count":0,"href":"https:\/\/www.materialstests.com\/hu\/wp-json\/wp\/v2\/posts\/900\/revisions"}],"wp:attachment":[{"href":"https:\/\/www.materialstests.com\/hu\/wp-json\/wp\/v2\/media?parent=900"}],"wp:term":[{"taxonomy":"category","embeddable":true,"href":"https:\/\/www.materialstests.com\/hu\/wp-json\/wp\/v2\/categories?post=900"},{"taxonomy":"post_tag","embeddable":true,"href":"https:\/\/www.materialstests.com\/hu\/wp-json\/wp\/v2\/tags?post=900"}],"curies":[{"name":"wp","href":"https:\/\/api.w.org\/{rel}","templated":true}]}}