{"id":881,"date":"2025-12-11T13:05:42","date_gmt":"2025-12-11T13:05:42","guid":{"rendered":"https:\/\/www.materialstests.com\/?p=881"},"modified":"2025-12-11T13:05:45","modified_gmt":"2025-12-11T13:05:45","slug":"understanding-dough-firmness-and-stickiness-for-bakery-product-quality-control","status":"publish","type":"post","link":"https:\/\/www.materialstests.com\/hu\/news\/dough-firmness-and-stickiness-testing-for-bakery-texture-analysis.html","title":{"rendered":"A t\u00e9szta szil\u00e1rds\u00e1g\u00e1nak \u00e9s tapad\u00e1s\u00e1nak meg\u00e9rt\u00e9se a s\u00fct\u0151ipari term\u00e9kek min\u0151s\u00e9gellen\u0151rz\u00e9s\u00e9hez"},"content":{"rendered":"<h2 class=\"wp-block-heading\">Bevezet\u00e9s a t\u00e9szta szil\u00e1rds\u00e1g\u00e1nak vizsg\u00e1lat\u00e1ba<\/h2>\n\n\n\n<p>A t\u00e9szta szil\u00e1rds\u00e1ga kritikus t\u00e9nyez\u0151 a s\u00fct\u0151iparban, amely befoly\u00e1solja a keny\u00e9r, a s\u00fctem\u00e9nyek \u00e9s a s\u00fctem\u00e9nyek text\u00far\u00e1j\u00e1t, \u00edz\u00e9t \u00e9s \u00e1ltal\u00e1nos min\u0151s\u00e9g\u00e9t. A t\u00e9szta szil\u00e1rds\u00e1g\u00e1nak \u00e9s ragad\u00f3s \u00e1llag\u00e1nak pontos m\u00e9r\u00e9se jelent\u0151sen jav\u00edthatja a term\u00e9kek konzisztenci\u00e1j\u00e1t, lehet\u0151v\u00e9 t\u00e9ve a gy\u00e1rt\u00f3k sz\u00e1m\u00e1ra, hogy minden alkalommal kiv\u00e1l\u00f3 min\u0151s\u00e9g\u0171 term\u00e9keket \u00e1ll\u00edtsanak el\u0151.&nbsp;<strong>A t\u00e9szta szil\u00e1rds\u00e1g\u00e1nak vizsg\u00e1lata<\/strong>&nbsp;elengedhetetlen a min\u0151s\u00e9gellen\u0151rz\u00e9si folyamatokhoz, k\u00fcl\u00f6n\u00f6sen a v\u00e1ltoz\u00f3 gy\u00e1rt\u00e1si k\u00f6r\u00fclm\u00e9nyeknek kitett term\u00e9kek eset\u00e9ben.<\/p>\n\n\n\n<p>A fejlett<strong>&nbsp;text\u00faraelemz\u0151k<\/strong>&nbsp;kifejezetten a s\u00fct\u0151ipari term\u00e9kekhez kifejlesztett k\u00e9sz\u00fcl\u00e9k lehet\u0151v\u00e9 teszi a gy\u00e1rt\u00f3k sz\u00e1m\u00e1ra a t\u00e9szta jellemz\u0151inek pontos m\u00e9r\u00e9s\u00e9t \u00e9s ellen\u0151rz\u00e9s\u00e9t. Ez a vizsg\u00e1lati m\u00f3dszer nemcsak a term\u00e9k konzisztenci\u00e1j\u00e1t biztos\u00edtja, hanem a gy\u00e1rt\u00e1si recept\u00far\u00e1k optimaliz\u00e1l\u00e1s\u00e1t is seg\u00edti. Ebben a cikkben azt vizsg\u00e1ljuk meg, hogy&nbsp;<strong>text\u00faraelemz\u0151k t\u00e9szt\u00e1khoz<\/strong>&nbsp;jav\u00edthatja a t\u00e9szta szil\u00e1rds\u00e1g\u00e1nak \u00e9s ragad\u00e1s\u00e1t, ami v\u00e9gs\u0151 soron hozz\u00e1j\u00e1rul a s\u00fct\u0151ipari term\u00e9kek min\u0151s\u00e9g\u00e9nek jobb ellen\u0151rz\u00e9s\u00e9hez.<\/p>\n\n\n\n<h2 class=\"wp-block-heading\">Az objekt\u00edv m\u00e9r\u00e9s fontoss\u00e1ga a t\u00e9sztavizsg\u00e1lat sor\u00e1n<\/h2>\n\n\n\n<p>B\u00e1r az \u00e9rz\u00e9kszervi \u00e9rt\u00e9kel\u00e9si m\u00f3dszereket hagyom\u00e1nyosan haszn\u00e1lj\u00e1k a t\u00e9szta min\u0151s\u00e9g\u00e9nek \u00e9rt\u00e9kel\u00e9s\u00e9re, ezek nagym\u00e9rt\u00e9kben t\u00e1maszkodnak a szubjekt\u00edv meg\u00edt\u00e9l\u00e9sre. A t\u00f6megtermel\u00e9sben a k\u00f6vetkezetess\u00e9g ir\u00e1nti n\u00f6vekv\u0151 ig\u00e9nyek miatt a gy\u00e1rt\u00f3k az objekt\u00edv \u00e9s megism\u00e9telhet\u0151 vizsg\u00e1lati m\u00f3dszerek fel\u00e9 fordulnak. A text\u00faraelemz\u0151 k\u00e9sz\u00fcl\u00e9kkel a feldolgoz\u00f3k nagy pontoss\u00e1ggal tudj\u00e1k sz\u00e1mszer\u0171s\u00edteni a t\u00e9sztaterm\u00e9kek szil\u00e1rds\u00e1g\u00e1t, rugalmass\u00e1g\u00e1t \u00e9s ragad\u00e1s\u00e1t.<\/p>\n\n\n\n<p>Az objekt\u00edv m\u00e9r\u00e9sek r\u00e9v\u00e9n a gy\u00e1rt\u00f3k \u00e9rt\u00e9kes betekint\u00e9st nyerhetnek abba, hogy a k\u00fcl\u00f6nb\u00f6z\u0151 \u00f6sszetev\u0151k, a h\u0151m\u00e9rs\u00e9klet-v\u00e1ltoz\u00e1sok \u00e9s a nedvess\u00e9gtartalom hogyan befoly\u00e1solj\u00e1k a term\u00e9keik v\u00e9gs\u0151 \u00e1llag\u00e1t. Ez lehet\u0151v\u00e9 teszi, hogy a gy\u00e1rt\u00e1si folyamatok be\u00e1ll\u00edt\u00e1sakor megalapozottabb d\u00f6nt\u00e9seket hozzanak, ami k\u00f6vetkezetesebb \u00e9s kiv\u00e1l\u00f3 min\u0151s\u00e9g\u0171 p\u00e9k\u00e1rukat eredm\u00e9nyez.<\/p>\n\n\n\n<h2 class=\"wp-block-heading\">A t\u00e9szta szil\u00e1rds\u00e1g\u00e1nak \u00e9s tapad\u00e1s\u00e1nak vizsg\u00e1lat\u00e1nak m\u00f3dszertana<\/h2>\n\n\n\n<p>A pontos \u00e9s megb\u00edzhat\u00f3&nbsp;<strong>a t\u00e9szta szil\u00e1rds\u00e1g\u00e1nak vizsg\u00e1lata<\/strong>, a t\u00e9szta text\u00faraelemz\u0151j\u00e9t haszn\u00e1lj\u00e1k. Az Cell Instruments TEX-01 text\u00faraelemz\u0151je fejlett funkci\u00f3i \u00e9s sokoldal\u00fas\u00e1ga miatt n\u00e9pszer\u0171 v\u00e1laszt\u00e1s az ipar\u00e1gban. A vizsg\u00e1lathoz egy k\u00f6nny\u0171, prec\u00edzi\u00f3s hengeres szonda tartozik, amely a t\u00e9sztamint\u00e1t \u00f6sszenyomja, hogy szimul\u00e1lja a gy\u00far\u00e1si folyamatot. A vizsg\u00e1lat sor\u00e1n a t\u00e9szt\u00e1ra kifejtett er\u0151 r\u00f6gz\u00edt\u00e9sre ker\u00fcl, hogy m\u00e9rhet\u0151 legyen mind a&nbsp;<strong>szil\u00e1rds\u00e1g&nbsp;<\/strong>\u00e9s&nbsp;<strong>ragad\u00f3s&nbsp;<\/strong>a t\u00e9szta.<\/p>\n\n\n\n<p>P\u00e9ld\u00e1ul egy vizsg\u00e1lati forgat\u00f3k\u00f6nyvben k\u00e9t k\u00fcl\u00f6nb\u00f6z\u0151 t\u00e9sztat\u00e9telt (az \u201cA\u201d \u00e9s a \u201cB\u201d t\u00e9telk\u00e9nt jel\u00f6lt) k\u00e9sz\u00edtettek el \u00e9s hozt\u00e1k egyens\u00falyba a k\u00f6rnyezeti h\u0151m\u00e9rs\u00e9kleten. Mindk\u00e9t t\u00e9telt a text\u00faraelemz\u0151 k\u00e9sz\u00fcl\u00e9kkel 200 mm\/perc t\u00f6m\u00f6r\u00edt\u00e9si sebess\u00e9ggel vizsg\u00e1lt\u00e1k, am\u00edg 5 mm-es t\u00f6m\u00f6r\u00edt\u00e9si elmozdul\u00e1st nem \u00e9rtek el. Az eredm\u00e9nyeket ezut\u00e1n szoftver seg\u00edts\u00e9g\u00e9vel elemezt\u00fck a cs\u00facser\u0151 (szil\u00e1rds\u00e1g), a visszanyer\u00e9si sebess\u00e9g \u00e9s a ragad\u00f3ss\u00e1g kisz\u00e1m\u00edt\u00e1s\u00e1hoz.<\/p>\n\n\n\n<h2 class=\"wp-block-heading\">Vizsg\u00e1lati eredm\u00e9nyek \u00e9s \u00e9rtelmez\u00e9s<\/h2>\n\n\n\n<p>A t\u00e9szta szil\u00e1rds\u00e1g\u00e1nak \u00e9s ragadhat\u00f3s\u00e1g\u00e1nak vizsg\u00e1lat\u00e1b\u00f3l kapott adatokat grafikus form\u00e1ban \u00e1br\u00e1zoljuk, az er\u0151t a kumulat\u00edv elmozdul\u00e1ssal szemben \u00e1br\u00e1zolva. A sikeres vizsg\u00e1latnak egy\u00e9rtelm\u0171en el kell k\u00fcl\u00f6n\u00edtenie a k\u00fcl\u00f6nb\u00f6z\u0151 mintasorozatokat, ami azt jelzi, hogy a&nbsp;<strong>a t\u00e9szta szil\u00e1rds\u00e1g\u00e1nak vizsg\u00e1lata<\/strong>&nbsp;m\u00f3dszer hat\u00e9konyan m\u00e9ri a folyamatv\u00e1ltoz\u00f3k hat\u00e1s\u00e1t. Ebben a p\u00e9ld\u00e1ban a kis \u00f6sszenyom\u00e1si elmozdul\u00e1sn\u00e1l fell\u00e9p\u0151 cs\u00facser\u0151 megmutatta a&nbsp;<strong>szil\u00e1rds\u00e1g&nbsp;<\/strong>a t\u00e9szta, m\u00edg az er\u0151visszanyer\u00e9s \u00e9s a fesz\u00fclts\u00e9g jelezte annak&nbsp;<strong>ragad\u00f3s<\/strong>.<\/p>\n\n\n\n<p>A szil\u00e1rds\u00e1g \u00e9s a tapad\u00e1s mellett,&nbsp;<strong>text\u00faraelemz\u0151k t\u00e9szt\u00e1khoz<\/strong>&nbsp;olyan alapvet\u0151 statisztikai adatokat is ki tud sz\u00e1m\u00edtani, mint p\u00e9ld\u00e1ul a&nbsp;<strong>vari\u00e1ci\u00f3s egy\u00fctthat\u00f3 (CV)<\/strong>. Az alacsony CV-\u00e9rt\u00e9k (kevesebb, mint 3%) nagyfok\u00fa ism\u00e9telhet\u0151s\u00e9get jelez, \u00edgy ez a m\u00f3dszer ide\u00e1lis a term\u00e9k konzisztenci\u00e1j\u00e1nak \u00e9rt\u00e9kel\u00e9s\u00e9re.<\/p>\n\n\n\n<h2 class=\"wp-block-heading\">A t\u00e9szta szil\u00e1rds\u00e1g\u00e1nak \u00e9s tapad\u00e1s\u00e1nak vizsg\u00e1lata<\/h2>\n\n\n\n<p>Az eredm\u00e9nyek a&nbsp;<strong>a t\u00e9szta szil\u00e1rds\u00e1g\u00e1nak vizsg\u00e1lata<\/strong>&nbsp;kulcsfontoss\u00e1g\u00faak annak meg\u00e9rt\u00e9s\u00e9hez, hogy a k\u00fcl\u00f6nb\u00f6z\u0151 \u00f6sszetev\u0151k \u00e9s folyamatok hogyan befoly\u00e1solj\u00e1k a v\u00e9gterm\u00e9k text\u00far\u00e1j\u00e1t. E jellemz\u0151k sz\u00e1mszer\u0171s\u00edt\u00e9s\u00e9vel a gy\u00e1rt\u00f3k megalapozottan m\u00f3dos\u00edthatj\u00e1k recept\u00far\u00e1ikat vagy elj\u00e1r\u00e1saikat, \u00e9s \u00edgy minden alkalommal biztos\u00edthatj\u00e1k a k\u00edv\u00e1nt text\u00far\u00e1t. P\u00e9ld\u00e1ul a liszt-v\u00edz ar\u00e1nyt, a kov\u00e1szanyagokat vagy ak\u00e1r a s\u00fct\u00e9si h\u0151m\u00e9rs\u00e9kletet is m\u00f3dos\u00edthatj\u00e1k az ide\u00e1lis szint el\u00e9r\u00e9se \u00e9rdek\u00e9ben.&nbsp;<strong>szil\u00e1rds\u00e1g&nbsp;<\/strong>\u00e9s&nbsp;<strong>ragad\u00f3s<\/strong>.<\/p>\n\n\n\n<p>Ezenk\u00edv\u00fcl ez az objekt\u00edv vizsg\u00e1lati m\u00f3dszer alkalmazhat\u00f3 a k\u00fcl\u00f6nb\u00f6z\u0151 t\u00e9sztael\u0151k\u00e9sz\u00edt\u00e9si technik\u00e1k, p\u00e9ld\u00e1ul a ken\u00e9s, a gy\u00far\u00e1s vagy a form\u00e1z\u00e1s \u00e9rt\u00e9kel\u00e9s\u00e9re. K\u00fcl\u00f6nb\u00f6z\u0151 vizsg\u00e1lati cell\u00e1k vagy szond\u00e1k alkalmaz\u00e1s\u00e1val a gy\u00e1rt\u00f3k testre szabhatj\u00e1k a&nbsp;<strong>text\u00faraelemz\u00e9s<\/strong>&nbsp;folyamatot a saj\u00e1tos termel\u00e9si ig\u00e9nyeiknek megfelel\u0151en.<\/p>\n\n\n\n<h2 class=\"wp-block-heading\">K\u00f6vetkeztet\u00e9s<\/h2>\n\n\n\n<p>A  be\u00e9p\u00edt\u00e9se&nbsp;<strong>text\u00faraelemz\u00e9s<\/strong>&nbsp;a t\u00e9sztatesztel\u00e9si folyamatba, nem csak jav\u00edtja a&nbsp;<strong>s\u00fct\u0151ipari term\u00e9kek min\u0151s\u00e9gellen\u0151rz\u00e9se<\/strong>&nbsp;hanem a gy\u00e1rt\u00f3k sz\u00e1m\u00e1ra is biztos\u00edtja a pontos, megism\u00e9telhet\u0151 \u00e9s objekt\u00edv m\u00e9r\u00e9shez sz\u00fcks\u00e9ges eszk\u00f6z\u00f6ket. A&nbsp;<strong>a t\u00e9szta szil\u00e1rds\u00e1g\u00e1nak vizsg\u00e1lata<\/strong>, a gy\u00e1rt\u00f3k finomhangolhatj\u00e1k receptjeiket \u00e9s elj\u00e1r\u00e1saikat a k\u00f6vetkezetess\u00e9g biztos\u00edt\u00e1sa \u00e9rdek\u00e9ben, ami v\u00e9gs\u0151 soron a v\u00e9gterm\u00e9k javul\u00e1s\u00e1t eredm\u00e9nyezi. Ak\u00e1r keny\u00e9rrel, s\u00fctem\u00e9nyekkel vagy s\u00fctem\u00e9nyekkel dolgozik, az integr\u00e1l\u00e1s&nbsp;<strong>text\u00faraelemz\u0151k t\u00e9szt\u00e1khoz<\/strong>&nbsp;jelent\u0151sen racionaliz\u00e1lhatja a gy\u00e1rt\u00e1si folyamatot \u00e9s jav\u00edthatja a s\u00fct\u0151ipari term\u00e9kek min\u0151s\u00e9g\u00e9t.<\/p>\n\n\n\n<h2 class=\"wp-block-heading\">GYIK<\/h2>\n\n\n\n<p><strong>1. k\u00e9rd\u00e9s: Hogyan jav\u00edtja a text\u00faraelemz\u0151 a t\u00e9szta szil\u00e1rds\u00e1g\u00e1nak vizsg\u00e1lat\u00e1t?<\/strong><br>A text\u00faraelemz\u0151 k\u00e9sz\u00fcl\u00e9k objekt\u00edv, megism\u00e9telhet\u0151 m\u00e9r\u00e9seket v\u00e9gez a t\u00e9szta olyan jellemz\u0151ir\u0151l, mint a kem\u00e9nys\u00e9g \u00e9s a tapad\u00e1s, \u00e9s pontos inform\u00e1ci\u00f3kat ny\u00fajt a min\u0151s\u00e9gellen\u0151rz\u00e9shez.<\/p>\n\n\n\n<p><strong>2. k\u00e9rd\u00e9s: A text\u00faraelemz\u0151 k\u00e9sz\u00fcl\u00e9k k\u00e9pes m\u00e9rni a t\u00e9szta ragad\u00e1s\u00e1t?<\/strong><br>Igen, a text\u00faraelemz\u0151 k\u00e9sz\u00fcl\u00e9k a t\u00e9szta ragad\u00e1s\u00e1t a t\u00f6m\u00f6r\u00edt\u00e9s ut\u00e1ni visszanyer\u00e9shez sz\u00fcks\u00e9ges er\u0151 m\u00e9r\u00e9s\u00e9vel tudja \u00e9rt\u00e9kelni, \u00e9rt\u00e9kes adatokat szolg\u00e1ltatva a recept\u00fara optimaliz\u00e1l\u00e1s\u00e1hoz.<\/p>\n\n\n\n<p><strong>3. k\u00e9rd\u00e9s: Mi az ide\u00e1lis vari\u00e1ci\u00f3s egy\u00fctthat\u00f3 (CV) a t\u00e9szta kem\u00e9nys\u00e9g\u00e9nek vizsg\u00e1lat\u00e1hoz?<\/strong><br>A 3% alatti CV kiv\u00e1l\u00f3 konzisztenci\u00e1t \u00e9s megism\u00e9telhet\u0151s\u00e9get jelez a t\u00e9szta szil\u00e1rds\u00e1gvizsg\u00e1latokban, ami megb\u00edzhat\u00f3 eredm\u00e9nyeket biztos\u00edt.<\/p>\n\n\n\n<p><strong>4. k\u00e9rd\u00e9s: Hogyan seg\u00edthet a t\u00e9sztavizsg\u00e1lat a s\u00fct\u0151ipari term\u00e9kek konzisztenci\u00e1j\u00e1nak jav\u00edt\u00e1s\u00e1ban?<\/strong><br>A t\u00e9szta olyan jellemz\u0151inek objekt\u00edv m\u00e9r\u00e9s\u00e9vel, mint p\u00e9ld\u00e1ul a kem\u00e9nys\u00e9g \u00e9s a ragad\u00f3s\u00e1g, a gy\u00e1rt\u00f3k a receptjeiket \u00e9s folyamataikat \u00fagy \u00e1ll\u00edthatj\u00e1k be, hogy biztos\u00edts\u00e1k a term\u00e9k egyenletes min\u0151s\u00e9g\u00e9t.<\/p>\n\n\n\n<p><strong>5. k\u00e9rd\u00e9s: Haszn\u00e1lhat\u00f3k-e a text\u00faraelemz\u0151k k\u00fcl\u00f6nb\u00f6z\u0151 t\u00edpus\u00fa t\u00e9szt\u00e1khoz?<\/strong><br>Igen, a text\u00faraelemz\u0151 k\u00e9sz\u00fcl\u00e9kek sokoldal\u00faak, \u00e9s k\u00fcl\u00f6nb\u00f6z\u0151 szond\u00e1kkal \u00e9s tesztcell\u00e1kkal felszerelhet\u0151k a k\u00fcl\u00f6nb\u00f6z\u0151 t\u00e9sztat\u00edpusok \u00e9s s\u00fct\u00e9si technik\u00e1k befogad\u00e1s\u00e1ra.<\/p>","protected":false},"excerpt":{"rendered":"<p>Bevezet\u00e9s a t\u00e9szta szil\u00e1rds\u00e1g\u00e1nak vizsg\u00e1lat\u00e1ba A t\u00e9szta szil\u00e1rds\u00e1ga kritikus t\u00e9nyez\u0151 a s\u00fct\u0151iparban, amely befoly\u00e1solja a p\u00e9k\u00e1ruk, p\u00e9ld\u00e1ul a keny\u00e9r, a s\u00fctem\u00e9nyek \u00e9s a tort\u00e1k text\u00far\u00e1j\u00e1t, \u00edz\u00e9t \u00e9s \u00e1ltal\u00e1nos min\u0151s\u00e9g\u00e9t. A t\u00e9szta szil\u00e1rds\u00e1g\u00e1nak \u00e9s ragad\u00f3s \u00e1llag\u00e1nak pontos m\u00e9r\u00e9se jelent\u0151sen jav\u00edthatja a term\u00e9kek konzisztenci\u00e1j\u00e1t, lehet\u0151v\u00e9 t\u00e9ve a gy\u00e1rt\u00f3k sz\u00e1m\u00e1ra, hogy minden alkalommal kiv\u00e1l\u00f3 min\u0151s\u00e9g\u0171 term\u00e9keket \u00e1ll\u00edtsanak el\u0151. A t\u00e9szta szil\u00e1rds\u00e1g\u00e1nak vizsg\u00e1lata elengedhetetlen a [...]<\/p>","protected":false},"author":2,"featured_media":0,"comment_status":"open","ping_status":"open","sticky":false,"template":"","format":"standard","meta":{"_acf_changed":false,"footnotes":""},"categories":[1],"tags":[],"class_list":["post-881","post","type-post","status-publish","format-standard","hentry","category-uncategorized"],"acf":[],"_links":{"self":[{"href":"https:\/\/www.materialstests.com\/hu\/wp-json\/wp\/v2\/posts\/881","targetHints":{"allow":["GET"]}}],"collection":[{"href":"https:\/\/www.materialstests.com\/hu\/wp-json\/wp\/v2\/posts"}],"about":[{"href":"https:\/\/www.materialstests.com\/hu\/wp-json\/wp\/v2\/types\/post"}],"author":[{"embeddable":true,"href":"https:\/\/www.materialstests.com\/hu\/wp-json\/wp\/v2\/users\/2"}],"replies":[{"embeddable":true,"href":"https:\/\/www.materialstests.com\/hu\/wp-json\/wp\/v2\/comments?post=881"}],"version-history":[{"count":0,"href":"https:\/\/www.materialstests.com\/hu\/wp-json\/wp\/v2\/posts\/881\/revisions"}],"wp:attachment":[{"href":"https:\/\/www.materialstests.com\/hu\/wp-json\/wp\/v2\/media?parent=881"}],"wp:term":[{"taxonomy":"category","embeddable":true,"href":"https:\/\/www.materialstests.com\/hu\/wp-json\/wp\/v2\/categories?post=881"},{"taxonomy":"post_tag","embeddable":true,"href":"https:\/\/www.materialstests.com\/hu\/wp-json\/wp\/v2\/tags?post=881"}],"curies":[{"name":"wp","href":"https:\/\/api.w.org\/{rel}","templated":true}]}}