{"id":846,"date":"2025-12-11T12:01:57","date_gmt":"2025-12-11T12:01:57","guid":{"rendered":"https:\/\/www.materialstests.com\/?p=846"},"modified":"2025-12-11T12:01:59","modified_gmt":"2025-12-11T12:01:59","slug":"descriptive-sensory-evaluation-unlocking-the-science-of-food-perception","status":"publish","type":"post","link":"https:\/\/www.materialstests.com\/hu\/news\/descriptive-sensory-evaluation-unlocking-the-science-of-food-perception.html","title":{"rendered":"Le\u00edr\u00f3 \u00e9rz\u00e9kszervi \u00e9rt\u00e9kel\u00e9s: Az \u00e9lelmiszer-\u00e9rz\u00e9kel\u00e9s tudom\u00e1ny\u00e1nak felt\u00e1r\u00e1sa"},"content":{"rendered":"<h2 class=\"wp-block-heading\">Bevezet\u00e9s<\/h2>\n\n\n\n<p>Mindannyian egyedi okokb\u00f3l szeretj\u00fck kedvenc \u00e9teleinket - legyen az egy dekadens desszert selymes \u00e1llaga, egy keksz ropog\u00f3s hangja vagy egy nosztalgikus \u00e9tel megnyugtat\u00f3 illata. Minden \u00e9rz\u00e9kszervi r\u00e9szlet befoly\u00e1solja \u00e9tel\u00e9lm\u00e9nyeinket, a l\u00e1tv\u00e1nyt\u00f3l a hangokig. Ezen \u00e9rz\u00e9kszervi elemek dek\u00f3dol\u00e1s\u00e1hoz az \u00e9lelmiszergy\u00e1rt\u00f3k a k\u00f6vetkez\u0151kre t\u00e1maszkodnak&nbsp;<strong>le\u00edr\u00f3 \u00e9rz\u00e9kszervi \u00e9rt\u00e9kel\u00e9s<\/strong>, az \u00e9lelmiszerterm\u00e9kek meg\u00e9rt\u00e9s\u00e9nek \u00e9s jav\u00edt\u00e1s\u00e1nak kritikus eszk\u00f6ze.<\/p>\n\n\n\n<h2 class=\"wp-block-heading\">Mi a le\u00edr\u00f3 \u00e9rz\u00e9kszervi \u00e9rt\u00e9kel\u00e9s?<\/h2>\n\n\n\n<p>A&nbsp;<strong>le\u00edr\u00f3 \u00e9rz\u00e9kszervi \u00e9rt\u00e9kel\u00e9s<\/strong>&nbsp;r\u00e9szletes profilt ny\u00fajt egy \u00e9lelmiszerterm\u00e9k \u00e9rz\u00e9kszervi tulajdons\u00e1gair\u00f3l, felm\u00e9rve, hogy a l\u00e1tv\u00e1ny, az illat, az \u00edz, az \u00e9rint\u00e9s \u00e9s a hang hogyan hat egym\u00e1sra, hogy egyedi \u00e9lm\u00e9nyt ny\u00fajtson. A rendszer az egyes jellemz\u0151k jelenl\u00e9t\u00e9t \u00e9s intenzit\u00e1s\u00e1t is m\u00e9ri, \u00e9s \u00edgy a gy\u00e1rt\u00f3knak \u00fatitervet ad a k\u00edn\u00e1latuk finomhangol\u00e1s\u00e1hoz.<\/p>\n\n\n\n<p>Az elemzett f\u0151bb jellemz\u0151k a k\u00f6vetkez\u0151k:<\/p>\n\n\n\n<ul class=\"wp-block-list\">\n<li><strong>Kem\u00e9nys\u00e9g<\/strong><\/li>\n\n\n\n<li><strong>Koh\u00e9zi\u00f3<\/strong><\/li>\n\n\n\n<li><strong>Adh\u00e9zi\u00f3s k\u00e9pess\u00e9g<\/strong><\/li>\n\n\n\n<li><strong>Rugalmass\u00e1g<\/strong><\/li>\n\n\n\n<li><strong>T\u00f6r\u00e9kenys\u00e9g<\/strong><\/li>\n<\/ul>\n\n\n\n<p>Az \u00e9rt\u00e9kel\u00e9s nem puszt\u00e1n szubjekt\u00edv; az emberi inputot pontosabb eredm\u00e9nyek \u00e9rdek\u00e9ben prec\u00edz eszk\u00f6z\u00f6kkel kombin\u00e1lja.<\/p>\n\n\n\n<h2 class=\"wp-block-heading\">Az \u00e9rz\u00e9kszervi \u00e9rt\u00e9kel\u00e9s alkalmaz\u00e1sai<\/h2>\n\n\n\n<p>Az \u00e9lelmiszergy\u00e1rt\u00f3k az \u00e9rz\u00e9kszervi vizsg\u00e1latokat k\u00fcl\u00f6nb\u00f6z\u0151 f\u00e1zisokban alkalmazz\u00e1k:<\/p>\n\n\n\n<ul class=\"wp-block-list\">\n<li><strong>Kutat\u00e1s \u00e9s fejleszt\u00e9s<\/strong>: \u00daj term\u00e9kek innov\u00e1ci\u00f3ja \u00e9s tov\u00e1bbfejleszt\u00e9se.<\/li>\n\n\n\n<li><strong>Min\u0151s\u00e9gellen\u0151rz\u00e9s<\/strong>: A k\u00f6vetkezetess\u00e9g \u00e9s a szabv\u00e1nyok betart\u00e1sa.<\/li>\n\n\n\n<li><strong>Term\u00e9k \u00f6sszehasonl\u00edt\u00e1s<\/strong>: Annak elemz\u00e9se, hogy egy term\u00e9k hogyan viszonyul a versenyt\u00e1rsakhoz.<\/li>\n\n\n\n<li><strong>Rakt\u00e1rozhat\u00f3s\u00e1gi vizsg\u00e1latok<\/strong>: Az \u00e9rz\u00e9kszervi jellemz\u0151k id\u0151beli v\u00e1ltoz\u00e1s\u00e1nak \u00e9rt\u00e9kel\u00e9se.<\/li>\n<\/ul>\n\n\n\n<p>Ezen tulajdons\u00e1gok \u00e9rt\u00e9kel\u00e9s\u00e9vel a gy\u00e1rt\u00f3k jobban meg\u00e9rthetik a fogyaszt\u00f3i preferenci\u00e1kat \u00e9s jav\u00edthatj\u00e1k a piack\u00e9pess\u00e9get.<\/p>\n\n\n\n<hr class=\"wp-block-separator has-alpha-channel-opacity\" \/>\n\n\n\n<h2 class=\"wp-block-heading\">Text\u00fara profil m\u00f3dszer: Tudom\u00e1nyos megk\u00f6zel\u00edt\u00e9s<\/h2>\n\n\n\n<p>Az 1960-as \u00e9vekben Dr. Alina Surmacka Szczesniak \u00e9s csapata \u00e1ltal a General Foodsn\u00e1l kifejlesztett, a&nbsp;<strong>Text\u00fara profil m\u00f3dszer<\/strong>&nbsp;objekt\u00edv, megism\u00e9telhet\u0151 m\u00f3dszert k\u00edn\u00e1l az \u00e9lelmiszerek text\u00far\u00e1j\u00e1nak \u00e9rt\u00e9kel\u00e9s\u00e9re. Ez a megk\u00f6zel\u00edt\u00e9s szabv\u00e1nyos\u00edtott kifejez\u00e9seket \u00e9s elj\u00e1r\u00e1sokat haszn\u00e1l, ami megk\u00f6nny\u00edti a gy\u00e1rt\u00f3k sz\u00e1m\u00e1ra az egys\u00e9ges eredm\u00e9nyek el\u00e9r\u00e9s\u00e9t.<\/p>\n\n\n\n<p>A legfontosabb szempontok a k\u00f6vetkez\u0151k:<\/p>\n\n\n\n<ul class=\"wp-block-list\">\n<li><strong>Alapvet\u0151 param\u00e9terek<\/strong>: Kem\u00e9nys\u00e9g, koh\u00e9zi\u00f3, tapad\u00f3ss\u00e1g, viszkozit\u00e1s \u00e9s rugalmass\u00e1g.<\/li>\n\n\n\n<li><strong>M\u00e1sodlagos param\u00e9terek<\/strong>: T\u00f6r\u00e9kenys\u00e9g, r\u00e1ghat\u00f3s\u00e1g \u00e9s r\u00e1g\u00f3gumiszer\u0171s\u00e9g.<\/li>\n<\/ul>\n\n\n\n<p>A General Foods Texturometer bevezet\u00e9se forradalmas\u00edtotta a text\u00faraelemz\u00e9st a m\u00e9r\u00e9sek automatiz\u00e1l\u00e1s\u00e1val \u00e9s az emberi torz\u00edt\u00e1s minimaliz\u00e1l\u00e1s\u00e1val. Ez nagyobb pontoss\u00e1got \u00e9s megism\u00e9telhet\u0151s\u00e9get tett lehet\u0151v\u00e9, v\u00e9gs\u0151 soron id\u0151t \u00e9s er\u0151forr\u00e1sokat takar\u00edtva meg.<\/p>\n\n\n\n<hr class=\"wp-block-separator has-alpha-channel-opacity\" \/>\n\n\n\n<h2 class=\"wp-block-heading\">A text\u00faraprofil m\u00f3dszer el\u0151nyei \u00e9s h\u00e1tr\u00e1nyai<\/h2>\n\n\n\n<p><strong>El\u0151ny\u00f6k:<\/strong><\/p>\n\n\n\n<ul class=\"wp-block-list\">\n<li>Objekt\u00edv, elfogulatlan eredm\u00e9nyek.<\/li>\n\n\n\n<li>Gyors, megism\u00e9telhet\u0151 elemz\u00e9s.<\/li>\n\n\n\n<li>A szabv\u00e1nyos\u00edtott m\u00f3dszerek jav\u00edtj\u00e1k a k\u00f6vetkezetess\u00e9get.<\/li>\n<\/ul>\n\n\n\n<p><strong>H\u00e1tr\u00e1nyok:<\/strong><\/p>\n\n\n\n<ul class=\"wp-block-list\">\n<li>Az \u00fczemeltet\u0151k t\u00fals\u00e1gosan is t\u00e1maszkodhatnak a kezdeti eredm\u00e9nyekre, finom\u00edt\u00e1s n\u00e9lk\u00fcl.<\/li>\n\n\n\n<li>Speci\u00e1lis k\u00e9pz\u00e9st ig\u00e9nyel a pontos eredm\u00e9nyek biztos\u00edt\u00e1sa \u00e9rdek\u00e9ben.<\/li>\n<\/ul>\n\n\n\n<h2 class=\"wp-block-heading\">Mikor kell haszn\u00e1lni a text\u00faraprofil-elemz\u00e9st<\/h2>\n\n\n\n<p>Ez a m\u00f3dszer k\u00fcl\u00f6n\u00f6sen hasznos:<\/p>\n\n\n\n<ul class=\"wp-block-list\">\n<li><strong>Term\u00e9kfejleszt\u00e9s<\/strong>: Receptek l\u00e9trehoz\u00e1sa vagy finom\u00edt\u00e1sa.<\/li>\n\n\n\n<li><strong>Min\u0151s\u00e9gellen\u0151rz\u00e9s<\/strong>: A text\u00fara konzisztenci\u00e1j\u00e1nak ellen\u0151rz\u00e9se.<\/li>\n\n\n\n<li><strong>Fogyaszt\u00f3i tesztel\u00e9s<\/strong>: Annak meg\u00e9rt\u00e9se, hogy a text\u00fara hogyan befoly\u00e1solja a preferenci\u00e1t.<\/li>\n<\/ul>\n\n\n\n<p>Az\u00e1ltal, hogy a&nbsp;<strong>text\u00fara profil m\u00f3dszer<\/strong>, az \u00e9lelmiszer-gy\u00e1rt\u00f3k jobban ellen\u0151rizhetik a term\u00e9kmin\u0151s\u00e9get, \u00e9s hat\u00e9konyabban megfelelhetnek a v\u00e1s\u00e1rl\u00f3i elv\u00e1r\u00e1soknak.<\/p>\n\n\n\n<hr class=\"wp-block-separator has-alpha-channel-opacity\" \/>\n\n\n\n<h2 class=\"wp-block-heading\">K\u00f6vetkeztet\u00e9s<\/h2>\n\n\n\n<p>Le\u00edr\u00f3 \u00e9rz\u00e9kszervi \u00e9rt\u00e9kel\u00e9sek, k\u00fcl\u00f6n\u00f6sen a&nbsp;<strong>Text\u00fara profil m\u00f3dszer<\/strong>, d\u00f6nt\u0151 szerepet j\u00e1tszanak az \u00e9lelmiszeripari term\u00e9kek fejleszt\u00e9s\u00e9ben \u00e9s min\u0151s\u00e9gbiztos\u00edt\u00e1s\u00e1ban. Az \u00e9rz\u00e9kszervi jellemz\u0151k meg\u00e9rt\u00e9s\u00e9vel \u00e9s elemz\u00e9s\u00e9vel a gy\u00e1rt\u00f3k olyan \u00e9lelmiszereket hozhatnak l\u00e9tre, amelyek nemcsak j\u00f3 \u00edz\u0171ek, hanem t\u00f6k\u00e9letes \u00e9rz\u00e9kszervi \u00e9lm\u00e9nyt is ny\u00fajtanak. Ezen eszk\u00f6z\u00f6k alkalmaz\u00e1sa biztos\u00edtja a k\u00f6vetkezetess\u00e9get, a fogyaszt\u00f3i el\u00e9gedetts\u00e9get \u00e9s a versenyel\u0151nyt a piacon.<\/p>\n\n\n\n<hr class=\"wp-block-separator has-alpha-channel-opacity\" \/>\n\n\n\n<h2 class=\"wp-block-heading\">GYIK<\/h2>\n\n\n\n<p><strong>1. Mire haszn\u00e1lj\u00e1k a le\u00edr\u00f3 \u00e9rz\u00e9kszervi \u00e9rt\u00e9kel\u00e9st?<\/strong><br>A le\u00edr\u00f3 \u00e9rz\u00e9kszervi \u00e9rt\u00e9kel\u00e9st az \u00e9lelmiszerek \u00e9rz\u00e9kszervi jellemz\u0151inek, p\u00e9ld\u00e1ul az \u00edznek, a text\u00far\u00e1nak \u00e9s az arom\u00e1nak a felm\u00e9r\u00e9s\u00e9re \u00e9s profiloz\u00e1s\u00e1ra haszn\u00e1lj\u00e1k a term\u00e9k min\u0151s\u00e9g\u00e9nek \u00e9s vonzerej\u00e9nek jav\u00edt\u00e1sa \u00e9rdek\u00e9ben.<\/p>\n\n\n\n<p><strong>2. Melyek a text\u00faraprofil-m\u00f3dszer legfontosabb param\u00e9terei?<\/strong><br>A legfontosabb param\u00e9terek k\u00f6z\u00e9 tartozik a kem\u00e9nys\u00e9g, a koh\u00e9zi\u00f3, a tapad\u00e1s, a viszkozit\u00e1s \u00e9s a rugalmass\u00e1g, amelyek seg\u00edtenek a text\u00fara tulajdons\u00e1gainak sz\u00e1mszer\u0171s\u00edt\u00e9s\u00e9ben.<\/p>\n\n\n\n<p><strong>3. Mi a szerepe a General Foods texturom\u00e9r\u0151j\u00e9nek?<\/strong><br>A Texturometer automatiz\u00e1lja a text\u00faram\u00e9r\u00e9seket, objekt\u00edv, konzisztens eredm\u00e9nyeket biztos\u00edt, amelyek minim\u00e1lisra cs\u00f6kkentik az emberi torz\u00edt\u00e1st.<\/p>\n\n\n\n<p><strong>4. Haszn\u00e1lhat\u00f3-e a text\u00faraprofil-m\u00f3dszer minden \u00e9lelmiszer eset\u00e9ben?<\/strong><br>Igen, a m\u00f3dszer sokoldal\u00fa, \u00e9s a szil\u00e1rdt\u00f3l a f\u00e9lig szil\u00e1rdig k\u00fcl\u00f6nb\u00f6z\u0151 t\u00edpus\u00fa \u00e9lelmiszerekn\u00e9l alkalmazhat\u00f3.<\/p>\n\n\n\n<p><strong>5. Mi\u00e9rt fontos a text\u00fara az \u00e9lelmiszerekben?<\/strong><br>A text\u00fara befoly\u00e1solja a fogyaszt\u00f3k \u00e9rz\u00e9kel\u00e9s\u00e9t \u00e9s el\u00e9gedetts\u00e9g\u00e9t, \u00edgy kritikus t\u00e9nyez\u0151 az \u00e9lelmiszerterm\u00e9kek fejleszt\u00e9s\u00e9ben \u00e9s marketingj\u00e9ben.<\/p>","protected":false},"excerpt":{"rendered":"<p>Introduction We all love our favorite foods for unique reasons\u2014whether it&#8217;s the smooth texture of a decadent dessert, the crisp sound of a cracker, or the comforting aroma of a nostalgic dish. Every sensory detail influences our food experiences, from sight to sound. To decode these sensory elements, food manufacturers rely on&nbsp;descriptive sensory evaluation, a [&hellip;]<\/p>","protected":false},"author":2,"featured_media":0,"comment_status":"open","ping_status":"open","sticky":false,"template":"","format":"standard","meta":{"_acf_changed":false,"footnotes":""},"categories":[1],"tags":[],"class_list":["post-846","post","type-post","status-publish","format-standard","hentry","category-uncategorized"],"acf":[],"_links":{"self":[{"href":"https:\/\/www.materialstests.com\/hu\/wp-json\/wp\/v2\/posts\/846","targetHints":{"allow":["GET"]}}],"collection":[{"href":"https:\/\/www.materialstests.com\/hu\/wp-json\/wp\/v2\/posts"}],"about":[{"href":"https:\/\/www.materialstests.com\/hu\/wp-json\/wp\/v2\/types\/post"}],"author":[{"embeddable":true,"href":"https:\/\/www.materialstests.com\/hu\/wp-json\/wp\/v2\/users\/2"}],"replies":[{"embeddable":true,"href":"https:\/\/www.materialstests.com\/hu\/wp-json\/wp\/v2\/comments?post=846"}],"version-history":[{"count":0,"href":"https:\/\/www.materialstests.com\/hu\/wp-json\/wp\/v2\/posts\/846\/revisions"}],"wp:attachment":[{"href":"https:\/\/www.materialstests.com\/hu\/wp-json\/wp\/v2\/media?parent=846"}],"wp:term":[{"taxonomy":"category","embeddable":true,"href":"https:\/\/www.materialstests.com\/hu\/wp-json\/wp\/v2\/categories?post=846"},{"taxonomy":"post_tag","embeddable":true,"href":"https:\/\/www.materialstests.com\/hu\/wp-json\/wp\/v2\/tags?post=846"}],"curies":[{"name":"wp","href":"https:\/\/api.w.org\/{rel}","templated":true}]}}