{"id":666,"date":"2025-12-11T06:46:48","date_gmt":"2025-12-11T06:46:48","guid":{"rendered":"https:\/\/www.materialstests.com\/?p=666"},"modified":"2025-12-11T06:46:52","modified_gmt":"2025-12-11T06:46:52","slug":"texture-analysis-in-bakery-products-enhancing-quality-and-freshness","status":"publish","type":"post","link":"https:\/\/www.materialstests.com\/hu\/news\/texture-analysis-in-bakery-products-enhancing-quality-and-freshness.html","title":{"rendered":"Mi\u00e9rt kulcsfontoss\u00e1g\u00fa a text\u00faraelemz\u00e9s a p\u00e9k\u00e1ru min\u0151s\u00e9g\u00e9nek szempontj\u00e1b\u00f3l?"},"content":{"rendered":"<h2 class=\"wp-block-heading\"><strong>A p\u00e9k\u00e1ru text\u00far\u00e1j\u00e1nak meg\u00e9rt\u00e9se<\/strong><\/h2>\n\n\n\n<p>A fogyaszt\u00f3knak hat\u00e1rozott elv\u00e1r\u00e1saik vannak a p\u00e9k\u00e1ruk text\u00far\u00e1j\u00e1val \u00e9s viselked\u00e9s\u00e9vel kapcsolatban. Legyen sz\u00f3 a keny\u00e9r puhas\u00e1g\u00e1r\u00f3l vagy a keksz ropog\u00f3s volt\u00e1r\u00f3l, ezek az \u00e9rz\u00e9kszervi tulajdons\u00e1gok nagyban befoly\u00e1solj\u00e1k az \u00e9rz\u00e9kelt min\u0151s\u00e9get. Az elv\u00e1rt text\u00far\u00e1kt\u00f3l val\u00f3 elt\u00e9r\u00e9s negat\u00edv fogyaszt\u00f3i meg\u00edt\u00e9l\u00e9shez vezethet, mint p\u00e9ld\u00e1ul az \u00e1llott vagy cs\u00f6kkent frissess\u00e9g.<\/p>\n\n\n\n<p>A p\u00e9k\u00e1ruk eset\u00e9ben a megfelel\u0151 text\u00fara fenntart\u00e1sa kritikus fontoss\u00e1g\u00fa. P\u00e9ld\u00e1ul a s\u00fctem\u00e9nyekn\u00e9l a nedvess\u00e9g \u00e9s a kekszekn\u00e9l a kem\u00e9nys\u00e9g gyakran pozit\u00edv tulajdons\u00e1gnak sz\u00e1m\u00edt. M\u00e1sr\u00e9szt a keny\u00e9rnek meg kell \u0151riznie egy bizonyos l\u00e1gys\u00e1got, m\u00edg a t\u00falzott nedvess\u00e9g a keny\u00e9rben az \u00e1lland\u00f3s\u00e1got jelezheti.<\/p>\n\n\n\n<h2 class=\"wp-block-heading\"><strong>A text\u00fara \u00e9s a fogyaszt\u00f3i \u00e9rz\u00e9kel\u00e9s \u00f6sszekapcsol\u00e1sa<\/strong><\/h2>\n\n\n\n<p>A p\u00e9k\u00e1ruk text\u00far\u00e1ja k\u00f6zvetlen\u00fcl befoly\u00e1solja az \u00e1ltal\u00e1nos fogyaszt\u00f3i \u00e9lm\u00e9nyt. A legfontosabb textur\u00e1lis tulajdons\u00e1gok m\u00e9r\u00e9s\u00e9vel meg\u00e9rthet\u0151, hogy az \u00f6sszetev\u0151k \u00e9s a s\u00fct\u00e9si folyamatok hogyan befoly\u00e1solj\u00e1k a v\u00e9gterm\u00e9ket. P\u00e9ld\u00e1ul az, hogy egy keny\u00e9r milyen \u00e9rz\u00e9s, amikor \u00f6sszenyomj\u00e1k, vagy hogyan t\u00f6rik sz\u00e9t a h\u00e9ja, meghat\u00e1rozhatja, hogy a fogyaszt\u00f3 frissnek vagy szikkadtnak tartja-e a term\u00e9ket.<\/p>\n\n\n\n<p>Ebben az \u00f6sszef\u00fcgg\u00e9sben a text\u00fara tulajdons\u00e1gainak, p\u00e9ld\u00e1ul a szil\u00e1rds\u00e1gnak, a rugalmass\u00e1gnak \u00e9s a deform\u00e1ci\u00f3val szembeni ellen\u00e1ll\u00e1snak a m\u00e9r\u00e9se l\u00e9tfontoss\u00e1g\u00fa. Ezek a tulajdons\u00e1gok a term\u00e9k frissess\u00e9g\u00e9hez \u00e9s min\u0151s\u00e9g\u00e9hez kapcsol\u00f3dnak, \u00edgy a text\u00faraelemz\u00e9s a s\u00fct\u0151ipari termel\u00e9s min\u0151s\u00e9gellen\u0151rz\u00e9s\u00e9nek alapvet\u0151 l\u00e9p\u00e9se. Az olyan technol\u00f3gi\u00e1k, mint&nbsp;<a href=\"https:\/\/www.materialstests.com\/hu\/products\/texture-analyzer.html\/\"><strong>text\u00fara analiz\u00e1tor<\/strong><\/a>s-t a fogyaszt\u00f3i \u00e9lm\u00e9ny szimul\u00e1l\u00e1s\u00e1ra \u00e9s a term\u00e9kjellemz\u0151k \u00e9rt\u00e9kel\u00e9s\u00e9re haszn\u00e1lj\u00e1k.<\/p>\n\n\n\n<h2 class=\"wp-block-heading\"><strong>A nyersanyagok \u00e9s \u00f6sszetev\u0151k hat\u00e1sa<\/strong><\/h2>\n\n\n\n<p>A nyersanyagok kiv\u00e1laszt\u00e1sa jelent\u0151s hat\u00e1ssal lehet a p\u00e9k\u00e1ruk text\u00far\u00e1j\u00e1ra. A t\u00e9szta, a liszt vagy a zs\u00edr viselked\u00e9se a feldolgoz\u00e1s sor\u00e1n, valamint az \u00f6sszetev\u0151k ar\u00e1nya d\u00f6nt\u0151 szerepet j\u00e1tszik a v\u00e9gterm\u00e9k text\u00far\u00e1j\u00e1ban. Mivel az automatiz\u00e1l\u00e1s egyre nagyobb szerepet j\u00e1tszik a nagym\u00e9ret\u0171 p\u00e9ks\u00e9gekben, az \u00f6sszetev\u0151k viselked\u00e9s\u00e9nek meg\u00e9rt\u00e9se ezekben a rendszerekben biztos\u00edtja a term\u00e9kek egyenletes min\u0151s\u00e9g\u00e9t \u00e9s a hat\u00e9kony termel\u00e9st.<\/p>\n\n\n\n<p>Az automatiz\u00e1lt p\u00e9ks\u00e9gekben p\u00e9ld\u00e1ul a t\u00e9szta rugalmass\u00e1g\u00e1nak vagy a t\u00f6ltel\u00e9k t\u00e9szt\u00e1n bel\u00fcli viselked\u00e9s\u00e9nek vizsg\u00e1lata optimaliz\u00e1lhatja a s\u00fct\u00e9si folyamatot. Emellett az olyan \u00f6sszetev\u0151k, mint a bevonatok vagy t\u00f6ltel\u00e9kek text\u00far\u00e1ra gyakorolt hat\u00e1s\u00e1nak vizsg\u00e1lata seg\u00edthet a gy\u00e1rt\u00f3knak a magas min\u0151s\u00e9gi sz\u00ednvonal fenntart\u00e1s\u00e1ban.<\/p>\n\n\n\n<h2 class=\"wp-block-heading\"><strong>Rakt\u00e1rozhat\u00f3s\u00e1gi \u00e9s t\u00e1rol\u00e1si megfontol\u00e1sok<\/strong><\/h2>\n\n\n\n<p>A p\u00e9k\u00e1ruk eltarthat\u00f3s\u00e1ga fontos szempont, k\u00fcl\u00f6n\u00f6sen a frissess\u00e9g \u00e9s az \u00e1llag tekintet\u00e9ben. Annak vizsg\u00e1lata, hogy a t\u00e1rol\u00e1s hogyan befoly\u00e1solja a term\u00e9k \u00e1llag\u00e1t - nem v\u00e1lik-e \u00e1t\u00e1zott\u00e1 vagy vesz\u00edt-e ropog\u00f3ss\u00e1g\u00e1b\u00f3l - l\u00e9tfontoss\u00e1g\u00fa azon term\u00e9kek eset\u00e9ben, amelyeknek ki kell b\u00edrniuk a sz\u00e1ll\u00edt\u00e1st \u00e9s a hosszabb eltarthat\u00f3s\u00e1gi id\u0151t. A text\u00faraelemz\u00e9s a csomagol\u00f3anyagok tart\u00f3ss\u00e1g\u00e1nak \u00e9rt\u00e9kel\u00e9s\u00e9re is haszn\u00e1lhat\u00f3, biztos\u00edtva, hogy azok a sz\u00e1ll\u00edt\u00e1s sor\u00e1n is meg\u0151rizz\u00e9k a term\u00e9k min\u0151s\u00e9g\u00e9t.<\/p>\n\n\n\n<p>A s\u00fct\u0151ipari csomagol\u00e1s fontos szerepet j\u00e1tszik a term\u00e9k \u00e1llag\u00e1nak meg\u0151rz\u00e9s\u00e9ben is. P\u00e9ld\u00e1ul a m\u0171anyag f\u00f3lia leh\u00fazhat\u00f3s\u00e1g\u00e1nak vagy a kartoncsomagol\u00e1s nyom\u00f3szil\u00e1rds\u00e1g\u00e1nak vizsg\u00e1lata seg\u00edthet abban, hogy a term\u00e9k optim\u00e1lis \u00e1llapotban jusson el a fogyaszt\u00f3hoz.<\/p>\n\n\n\n<h2 class=\"wp-block-heading\"><strong>K\u00f6vetkeztet\u00e9s: A text\u00faraelemz\u00e9s szerepe a min\u0151s\u00e9gellen\u0151rz\u00e9sben<\/strong><\/h2>\n\n\n\n<p>\u00d6sszefoglalva, a p\u00e9k\u00e1ruk text\u00faraelemz\u00e9se n\u00e9lk\u00fcl\u00f6zhetetlen eszk\u00f6z a min\u0151s\u00e9g, a konzisztencia \u00e9s a frissess\u00e9g biztos\u00edt\u00e1s\u00e1hoz. Az olyan kulcsfontoss\u00e1g\u00fa szempontokra \u00f6sszpontos\u00edtva, mint a nyersanyagok text\u00far\u00e1ja, az \u00f6sszetev\u0151k viselked\u00e9se \u00e9s a csomagol\u00e1s integrit\u00e1sa, a gy\u00e1rt\u00f3k n\u00f6velhetik a fogyaszt\u00f3k el\u00e9gedetts\u00e9g\u00e9t \u00e9s jav\u00edthatj\u00e1k a term\u00e9kek piaci teljes\u00edtm\u00e9ny\u00e9t.<\/p>\n\n\n\n<p>Azzal, hogy a p\u00e9ks\u00e9gek min\u0151s\u00e9gellen\u0151rz\u00e9si folyamataikba be\u00e9p\u00edtik a rendszeres text\u00faraelemz\u00e9st, hat\u00e9konyan tudj\u00e1k kezelni a term\u00e9kmin\u0151s\u00e9get a gy\u00e1rt\u00e1st\u00f3l a polcig, v\u00e9gs\u0151 soron jav\u00edtva a fogyaszt\u00f3i \u00e9lm\u00e9nyt \u00e9s a m\u00e1rka h\u00edrnev\u00e9t.<\/p>\n\n\n\n<hr class=\"wp-block-separator has-alpha-channel-opacity\" \/>\n\n\n\n<h2 class=\"wp-block-heading\"><strong>GYIK:<\/strong><\/h2>\n\n\n\n<ol class=\"wp-block-list\">\n<li><strong>Mit jelent a p\u00e9k\u00e1ruk text\u00faraelemz\u00e9se?<\/strong><br>A text\u00faraelemz\u00e9s a p\u00e9k\u00e1ruk fizikai tulajdons\u00e1gainak, p\u00e9ld\u00e1ul szil\u00e1rds\u00e1g\u00e1nak, rugalmass\u00e1g\u00e1nak \u00e9s deform\u00e1ci\u00f3val szembeni ellen\u00e1ll\u00e1s\u00e1nak m\u00e9r\u00e9se annak biztos\u00edt\u00e1sa \u00e9rdek\u00e9ben, hogy a term\u00e9kek megfeleljenek a min\u0151s\u00e9gi el\u0151\u00edr\u00e1soknak.<\/li>\n\n\n\n<li><strong>Mi\u00e9rt fontos a text\u00fara a p\u00e9k\u00e1ru min\u0151s\u00e9ge szempontj\u00e1b\u00f3l?<\/strong><br>A text\u00fara befoly\u00e1solja a fogyaszt\u00f3k frissess\u00e9ggel, min\u0151s\u00e9ggel \u00e9s \u00e1ltal\u00e1nos el\u00e9gedetts\u00e9ggel kapcsolatos meg\u00edt\u00e9l\u00e9s\u00e9t. A megfelel\u0151 text\u00fara vonz\u00f3v\u00e1 teheti a term\u00e9ket, m\u00edg az elt\u00e9r\u00e9sek \u00e1llagroml\u00e1sra vagy rossz min\u0151s\u00e9gre utalhatnak.<\/li>\n\n\n\n<li><strong>Hogyan seg\u00edt a text\u00faraelemz\u00e9s az \u00f6sszetev\u0151k vizsg\u00e1lat\u00e1ban?<\/strong><br>A text\u00faraelemz\u00e9s seg\u00edt a p\u00e9keknek meg\u00e9rteni, hogy a k\u00fcl\u00f6nb\u00f6z\u0151 \u00f6sszetev\u0151k hogyan hatnak egym\u00e1sra \u00e9s hogyan befoly\u00e1solj\u00e1k a v\u00e9gterm\u00e9ket. Ez mag\u00e1ban foglalja a t\u00e9szta rugalmass\u00e1g\u00e1nak \u00e9s a p\u00e9k\u00e1ru szil\u00e1rds\u00e1g\u00e1nak vizsg\u00e1lat\u00e1t.<\/li>\n\n\n\n<li><strong>Haszn\u00e1lhat\u00f3-e a text\u00faraelemz\u00e9s a csomagol\u00e1s vizsg\u00e1lat\u00e1ra?<\/strong><br>Igen, a text\u00faraelemz\u00e9ssel a csomagol\u00e1s min\u0151s\u00e9ge \u00e9rt\u00e9kelhet\u0151 olyan tulajdons\u00e1gok vizsg\u00e1lat\u00e1val, mint a m\u0171anyag f\u00f3li\u00e1k leh\u00faz\u00f3d\u00e1si szil\u00e1rds\u00e1ga \u00e9s a kartonpap\u00edr nyom\u00f3szil\u00e1rds\u00e1ga, biztos\u00edtva, hogy a csomagol\u00e1s meg\u0151rizze a term\u00e9k text\u00far\u00e1j\u00e1t a sz\u00e1ll\u00edt\u00e1s sor\u00e1n.<\/li>\n\n\n\n<li><strong>Hogyan befoly\u00e1solja a t\u00e1rol\u00e1s a p\u00e9k\u00e1ruk \u00e1llag\u00e1t?<\/strong><br>Id\u0151vel a p\u00e9k\u00e1ruk a t\u00e1rol\u00e1s miatt vesz\u00edthetnek nedvess\u00e9gtartalmukb\u00f3l vagy ropog\u00f3ss\u00e1gukb\u00f3l, ami hat\u00e1ssal lehet a text\u00far\u00e1jukra. A text\u00faraelemz\u00e9s seg\u00edthet meghat\u00e1rozni, hogy a term\u00e9kek hogyan viselkednek majd a t\u00e1rol\u00e1si id\u0151 alatt.<\/li>\n<\/ol>","protected":false},"excerpt":{"rendered":"<p>A p\u00e9k\u00e1ruk text\u00far\u00e1j\u00e1nak meg\u00e9rt\u00e9se A fogyaszt\u00f3knak hat\u00e1rozott elv\u00e1r\u00e1saik vannak a p\u00e9k\u00e1ruk text\u00far\u00e1j\u00e1val \u00e9s viselked\u00e9s\u00e9vel kapcsolatban. Legyen sz\u00f3 a keny\u00e9r puhas\u00e1g\u00e1r\u00f3l vagy a keksz ropog\u00f3s volt\u00e1r\u00f3l, ezek az \u00e9rz\u00e9kszervi tulajdons\u00e1gok nagyban befoly\u00e1solj\u00e1k az \u00e9rz\u00e9kelt min\u0151s\u00e9get. Az elv\u00e1rt text\u00far\u00e1kt\u00f3l val\u00f3 elt\u00e9r\u00e9s negat\u00edv fogyaszt\u00f3i meg\u00edt\u00e9l\u00e9shez vezethet, mint p\u00e9ld\u00e1ul az \u00e1llott vagy cs\u00f6kkent frissess\u00e9g. Amikor [...]<\/p>","protected":false},"author":3,"featured_media":0,"comment_status":"open","ping_status":"open","sticky":false,"template":"","format":"standard","meta":{"_acf_changed":false,"footnotes":""},"categories":[1],"tags":[],"class_list":["post-666","post","type-post","status-publish","format-standard","hentry","category-uncategorized"],"acf":[],"_links":{"self":[{"href":"https:\/\/www.materialstests.com\/hu\/wp-json\/wp\/v2\/posts\/666","targetHints":{"allow":["GET"]}}],"collection":[{"href":"https:\/\/www.materialstests.com\/hu\/wp-json\/wp\/v2\/posts"}],"about":[{"href":"https:\/\/www.materialstests.com\/hu\/wp-json\/wp\/v2\/types\/post"}],"author":[{"embeddable":true,"href":"https:\/\/www.materialstests.com\/hu\/wp-json\/wp\/v2\/users\/3"}],"replies":[{"embeddable":true,"href":"https:\/\/www.materialstests.com\/hu\/wp-json\/wp\/v2\/comments?post=666"}],"version-history":[{"count":0,"href":"https:\/\/www.materialstests.com\/hu\/wp-json\/wp\/v2\/posts\/666\/revisions"}],"wp:attachment":[{"href":"https:\/\/www.materialstests.com\/hu\/wp-json\/wp\/v2\/media?parent=666"}],"wp:term":[{"taxonomy":"category","embeddable":true,"href":"https:\/\/www.materialstests.com\/hu\/wp-json\/wp\/v2\/categories?post=666"},{"taxonomy":"post_tag","embeddable":true,"href":"https:\/\/www.materialstests.com\/hu\/wp-json\/wp\/v2\/tags?post=666"}],"curies":[{"name":"wp","href":"https:\/\/api.w.org\/{rel}","templated":true}]}}